{"id":57,"date":"2026-07-26T13:44:14","date_gmt":"2026-07-26T10:44:14","guid":{"rendered":"https:\/\/altinzamani.com\/blog\/?p=57"},"modified":"2026-07-26T13:44:14","modified_gmt":"2026-07-26T10:44:14","slug":"fed-faiz-karari-ile-gram-altinda-yeni-senaryo","status":"publish","type":"post","link":"https:\/\/altinzamani.com\/blog\/fed-faiz-karari-ile-gram-altinda-yeni-senaryo\/","title":{"rendered":"Fed Faiz Karar\u0131 \u0130le Gram Alt\u0131nda Yeni Senaryo"},"content":{"rendered":"<div class=\"qMYqUG_convSearchResultHighlightRoot\">\n<div class=\"\" data-turn-id-container=\"request-6a5bc9fe-24c0-83eb-8ec6-046b13c84e01-5\" data-is-intersecting=\"true\">\n<section class=\"text-token-text-primary w-full focus:outline-none has-data-writing-block:pointer-events-none [&amp;:has([data-writing-block])&gt;*]:pointer-events-auto R6Vx5W_threadScrollVars scroll-mb-[calc(var(--scroll-root-safe-area-inset-bottom,0px)+var(--thread-response-height))] scroll-mt-[calc(var(--header-height)+min(200px,max(70px,20svh)))]\" dir=\"auto\" data-turn-id=\"request-6a5bc9fe-24c0-83eb-8ec6-046b13c84e01-5\" data-turn-id-container=\"request-6a5bc9fe-24c0-83eb-8ec6-046b13c84e01-5\" data-testid=\"conversation-turn-134\" data-turn=\"assistant\">\n<div class=\"text-base my-auto mx-auto pb-3 [--thread-content-margin:var(--thread-content-margin-xs,calc(var(--spacing)*4))] @w-sm\/main:[--thread-content-margin:var(--thread-content-margin-sm,calc(var(--spacing)*6))] @w-lg\/main:[--thread-content-margin:var(--thread-content-margin-lg,calc(var(--spacing)*16))] px-(--thread-content-margin)\">\n<div class=\"[--thread-content-max-width:40rem] @w-lg\/main:[--thread-content-max-width:48rem] mx-auto max-w-(--thread-content-max-width) flex-1 group\/turn-messages focus-visible:outline-hidden relative flex w-full min-w-0 flex-col agent-turn\" data-conversation-screenshot-content=\"\">\n<div class=\"flex max-w-full flex-col gap-4 grow\">\n<div class=\"min-h-8 text-message relative flex w-full flex-col items-end gap-2 text-start break-words whitespace-normal outline-none keyboard-focused:focus-ring [.text-message+&amp;]:mt-1\" dir=\"auto\" tabindex=\"0\" data-message-author-role=\"assistant\" data-message-id=\"e0731807-6cf1-40a3-a137-dea66d4b8783\" data-message-model-slug=\"gpt-5-5\" data-turn-start-message=\"true\">\n<div class=\"flex w-full flex-col gap-1 empty:hidden\">\n<div class=\"markdown prose dark:prose-invert wrap-break-word w-full light markdown-new-styling\">\n<p class=\"PDq2pG_selectionAnchorContainer\" data-start=\"49\" data-end=\"485\">K\u00fcresel piyasalarda g\u00f6zler yeniden ABD Merkez Bankas\u0131&#8217;n\u0131n (Fed) faiz kararlar\u0131na \u00e7evrilmi\u015f durumda. \u00d6zellikle son d\u00f6nemde yat\u0131r\u0131mc\u0131lar\u0131n en \u00e7ok merak etti\u011fi konular\u0131n ba\u015f\u0131nda <strong data-start=\"224\" data-end=\"249\">Fed faiz karar\u0131 alt\u0131n<\/strong> fiyatlar\u0131n\u0131 nas\u0131l etkileyece\u011fi geliyor. ABD&#8217;de a\u00e7\u0131klanan enflasyon verileri, istihdam rakamlar\u0131 ve Fed \u00fcyelerinin yapt\u0131\u011f\u0131 a\u00e7\u0131klamalar; <strong data-start=\"385\" data-end=\"406\">gram alt\u0131n fiyat\u0131<\/strong>, <strong data-start=\"408\" data-end=\"421\">ons alt\u0131n<\/strong> ve <strong data-start=\"425\" data-end=\"448\">\u00e7eyrek alt\u0131n fiyat\u0131<\/strong> \u00fczerinde do\u011frudan etkili olabiliyor.<\/p>\n<p data-start=\"487\" data-end=\"711\">Alt\u0131n tarih boyunca &#8220;g\u00fcvenli liman&#8221; olarak g\u00f6r\u00fclse de faiz politikalar\u0131 ve dolar\u0131n k\u00fcresel de\u011feri, k\u0131sa vadeli fiyat hareketlerinde belirleyici olmaya devam ediyor. Peki yeni d\u00f6nemde yat\u0131r\u0131mc\u0131lar\u0131 nas\u0131l bir senaryo bekliyor?<\/p>\n<h2 data-section-id=\"1a8rl1c\" data-start=\"718\" data-end=\"752\">Gram Alt\u0131n Bu Hafta Y\u00fckselir mi?<\/h2>\n<p data-start=\"754\" data-end=\"856\">Son haftalarda piyasalar\u0131n en \u00e7ok sordu\u011fu sorulardan biri <strong data-start=\"812\" data-end=\"850\">&#8220;Gram alt\u0131n bu hafta y\u00fckselir mi?&#8221;<\/strong> oldu.<\/p>\n<p data-start=\"858\" data-end=\"915\">Gram alt\u0131n\u0131n y\u00f6n\u00fcn\u00fc belirleyen iki temel unsur bulunuyor:<\/p>\n<ul data-start=\"917\" data-end=\"964\">\n<li data-section-id=\"1we6ucr\" data-start=\"917\" data-end=\"948\">Ons alt\u0131n fiyat\u0131ndaki de\u011fi\u015fim<\/li>\n<li data-section-id=\"1vln9ki\" data-start=\"949\" data-end=\"964\">Dolar\/TL kuru<\/li>\n<\/ul>\n<p data-start=\"966\" data-end=\"1226\">E\u011fer Fed&#8217;in faiz indirimine yakla\u015faca\u011f\u0131 beklentisi g\u00fc\u00e7lenirse dolar k\u00fcresel \u00f6l\u00e7ekte zay\u0131flayabilir. Bu durumda <strong data-start=\"1077\" data-end=\"1090\">ons alt\u0131n<\/strong> de\u011fer kazanabilir. Ayn\u0131 anda dolar\/TL kurunda sert bir gerileme ya\u015fanmazsa gram alt\u0131n fiyatlar\u0131nda yukar\u0131 y\u00f6nl\u00fc hareketler g\u00f6r\u00fclebilir.<\/p>\n<p data-start=\"1228\" data-end=\"1406\">Ancak yat\u0131r\u0131mc\u0131lar\u0131n yaln\u0131zca g\u00fcnl\u00fck fiyat hareketlerine odaklanmas\u0131 yerine ekonomik verileri ve merkez bankalar\u0131n\u0131n mesajlar\u0131n\u0131 birlikte de\u011ferlendirmesi daha sa\u011fl\u0131kl\u0131 olacakt\u0131r.<\/p>\n<h2 data-section-id=\"dwhlmh\" data-start=\"1413\" data-end=\"1443\">Alt\u0131n Fiyatlar\u0131 Neden D\u00fc\u015ft\u00fc?<\/h2>\n<p data-start=\"1445\" data-end=\"1540\">Bir\u00e7ok yat\u0131r\u0131mc\u0131 son d\u00f6nemde <strong data-start=\"1474\" data-end=\"1508\">&#8220;Alt\u0131n fiyatlar\u0131 neden d\u00fc\u015ft\u00fc?&#8221;<\/strong> sorusunun cevab\u0131n\u0131 ara\u015ft\u0131r\u0131yor.<\/p>\n<p data-start=\"1542\" data-end=\"1615\">Alt\u0131n fiyatlar\u0131nda g\u00f6r\u00fclen geri \u00e7ekilmelerin ba\u015fl\u0131ca nedenleri \u015funlard\u0131r:<\/p>\n<ul data-start=\"1617\" data-end=\"1793\">\n<li data-section-id=\"10d3ah4\" data-start=\"1617\" data-end=\"1652\">ABD tahvil faizlerinin y\u00fckselmesi<\/li>\n<li data-section-id=\"1houy4n\" data-start=\"1653\" data-end=\"1682\">Dolar endeksinin g\u00fc\u00e7lenmesi<\/li>\n<li data-section-id=\"8s8ayl\" data-start=\"1683\" data-end=\"1745\">Fed&#8217;in faiz indirimlerini erteleyece\u011fine y\u00f6nelik beklentiler<\/li>\n<li data-section-id=\"gnbgs6\" data-start=\"1746\" data-end=\"1761\">Kar sat\u0131\u015flar\u0131<\/li>\n<li data-section-id=\"1r39rwj\" data-start=\"1762\" data-end=\"1793\">Jeopolitik risklerin azalmas\u0131<\/li>\n<\/ul>\n<p data-start=\"1795\" data-end=\"2068\">Alt\u0131n faiz getirisi olmayan bir yat\u0131r\u0131m arac\u0131 oldu\u011fu i\u00e7in \u00f6zellikle y\u00fcksek faiz d\u00f6nemlerinde yat\u0131r\u0131mc\u0131lar\u0131n bir k\u0131sm\u0131 tahvil ve mevduata y\u00f6nelmeyi tercih edebilir. Bu nedenle <strong data-start=\"1970\" data-end=\"1996\">faiz ve alt\u0131n ili\u015fkisi<\/strong>, yat\u0131r\u0131mc\u0131lar\u0131n yak\u0131ndan takip etti\u011fi en \u00f6nemli g\u00f6stergelerden biridir.<\/p>\n<h2 data-section-id=\"xveg5q\" data-start=\"2075\" data-end=\"2114\">Fed Faiz Karar\u0131 Alt\u0131n\u0131 Nas\u0131l Etkiler?<\/h2>\n<p data-start=\"2116\" data-end=\"2198\"><strong data-start=\"2116\" data-end=\"2157\">Fed faiz karar\u0131 alt\u0131n\u0131 nas\u0131l etkiler?<\/strong> sorusunun cevab\u0131 asl\u0131nda olduk\u00e7a nettir.<\/p>\n<h3 data-section-id=\"1mjh1k0\" data-start=\"2200\" data-end=\"2222\">Fed faiz art\u0131r\u0131rsa<\/h3>\n<ul data-start=\"2224\" data-end=\"2316\">\n<li data-section-id=\"c497qo\" data-start=\"2224\" data-end=\"2245\">Dolar g\u00fc\u00e7lenebilir.<\/li>\n<li data-section-id=\"c9gt1f\" data-start=\"2246\" data-end=\"2277\">Tahvil faizleri y\u00fckselebilir.<\/li>\n<li data-section-id=\"i47e63\" data-start=\"2278\" data-end=\"2316\">Ons alt\u0131n \u00fczerinde bask\u0131 olu\u015fabilir.<\/li>\n<\/ul>\n<h3 data-section-id=\"5jveow\" data-start=\"2318\" data-end=\"2340\">Fed faiz indirirse<\/h3>\n<ul data-start=\"2342\" data-end=\"2434\">\n<li data-section-id=\"1kfzv2m\" data-start=\"2342\" data-end=\"2365\">Dolar zay\u0131flayabilir.<\/li>\n<li data-section-id=\"afbo9j\" data-start=\"2366\" data-end=\"2391\">Alt\u0131na talep artabilir.<\/li>\n<li data-section-id=\"1dgx8be\" data-start=\"2392\" data-end=\"2434\">Ons alt\u0131n yukar\u0131 y\u00f6nl\u00fc hareket edebilir.<\/li>\n<\/ul>\n<p data-start=\"2436\" data-end=\"2680\">Bu nedenle yat\u0131r\u0131mc\u0131lar yaln\u0131zca faiz karar\u0131n\u0131 de\u011fil, Fed Ba\u015fkan\u0131&#8217;n\u0131n toplant\u0131 sonras\u0131 yapt\u0131\u011f\u0131 a\u00e7\u0131klamalar\u0131 da dikkatle takip ediyor. \u00c7\u00fcnk\u00fc gelece\u011fe y\u00f6nelik mesajlar, piyasalar\u0131n y\u00f6n\u00fcn\u00fc belirlemede en az karar\u0131n kendisi kadar etkili olabiliyor.<\/p>\n<h2 data-section-id=\"hr7twj\" data-start=\"2687\" data-end=\"2718\">Ons Alt\u0131n 3500 Dolar Olur mu?<\/h2>\n<p data-start=\"2720\" data-end=\"2834\">Son d\u00f6nemde yat\u0131r\u0131m \u00e7evrelerinde s\u0131k\u00e7a dile getirilen sorulardan biri de <strong data-start=\"2793\" data-end=\"2828\">&#8220;Ons alt\u0131n 3500 dolar olur mu?&#8221;<\/strong> oldu.<\/p>\n<p data-start=\"2836\" data-end=\"2941\">Kesin bir fiyat tahmini yapmak m\u00fcmk\u00fcn olmasa da a\u015fa\u011f\u0131daki geli\u015fmeler b\u00f6yle bir senaryoyu destekleyebilir:<\/p>\n<ul data-start=\"2943\" data-end=\"3122\">\n<li data-section-id=\"1oagcbz\" data-start=\"2943\" data-end=\"2970\">K\u00fcresel faizlerin d\u00fc\u015fmesi<\/li>\n<li data-section-id=\"v60pjm\" data-start=\"2971\" data-end=\"3001\">Jeopolitik risklerin artmas\u0131<\/li>\n<li data-section-id=\"140ojct\" data-start=\"3002\" data-end=\"3051\">Merkez bankalar\u0131n\u0131n alt\u0131n al\u0131mlar\u0131n\u0131 s\u00fcrd\u00fcrmesi<\/li>\n<li data-section-id=\"8isrw8\" data-start=\"3052\" data-end=\"3078\">Dolar\u0131n de\u011fer kaybetmesi<\/li>\n<li data-section-id=\"f1whzq\" data-start=\"3079\" data-end=\"3122\">K\u00fcresel ekonomik belirsizliklerin artmas\u0131<\/li>\n<\/ul>\n<p data-start=\"3124\" data-end=\"3359\">\u00d6zellikle son y\u0131llarda bir\u00e7ok \u00fclkenin <strong data-start=\"3162\" data-end=\"3197\">merkez bankas\u0131 alt\u0131n rezervleri<\/strong>ni art\u0131rmas\u0131, alt\u0131na olan kurumsal talebin devam etti\u011fini g\u00f6steriyor. Bu durum uzun vadede fiyatlar\u0131 destekleyen \u00f6nemli unsurlardan biri olarak de\u011ferlendiriliyor.<\/p>\n<h2 data-section-id=\"2y07r3\" data-start=\"3366\" data-end=\"3399\">\u00c7eyrek Alt\u0131n Almak Mant\u0131kl\u0131 m\u0131?<\/h2>\n<p data-start=\"3401\" data-end=\"3549\">Vatanda\u015flar\u0131n en \u00e7ok tercih etti\u011fi yat\u0131r\u0131m ara\u00e7lar\u0131ndan biri olan \u00e7eyrek alt\u0131n i\u00e7in de s\u0131k\u00e7a <strong data-start=\"3494\" data-end=\"3531\">&#8220;\u00c7eyrek alt\u0131n almak mant\u0131kl\u0131 m\u0131?&#8221;<\/strong> sorusu soruluyor.<\/p>\n<p data-start=\"3551\" data-end=\"3564\">\u00c7eyrek alt\u0131n;<\/p>\n<ul data-start=\"3566\" data-end=\"3640\">\n<li data-section-id=\"1hrm9fo\" data-start=\"3566\" data-end=\"3600\">d\u00fc\u011f\u00fcn ve hediye ama\u00e7l\u0131 kullan\u0131m,<\/li>\n<li data-section-id=\"1u4ct4v\" data-start=\"3601\" data-end=\"3620\">kolay al\u0131m sat\u0131m,<\/li>\n<li data-section-id=\"hs52b2\" data-start=\"3621\" data-end=\"3640\">y\u00fcksek bilinirlik<\/li>\n<\/ul>\n<p data-start=\"3642\" data-end=\"3668\">gibi avantajlara sahiptir.<\/p>\n<p data-start=\"3670\" data-end=\"3847\">Ancak yat\u0131r\u0131m amac\u0131yla al\u0131m yap\u0131lacaksa i\u015f\u00e7ilik fark\u0131 da dikkate al\u0131nmal\u0131d\u0131r. B\u00fcy\u00fck tutarl\u0131 yat\u0131r\u0131mlarda gram alt\u0131n veya farkl\u0131 yat\u0131r\u0131m ara\u00e7lar\u0131n\u0131n maliyet avantaj\u0131 bulunabilir.<\/p>\n<p data-start=\"3849\" data-end=\"3956\">G\u00fcncel <strong data-start=\"3856\" data-end=\"3879\">\u00e7eyrek alt\u0131n fiyat\u0131<\/strong>, yat\u0131r\u0131m karar\u0131ndan \u00f6nce mutlaka g\u00fcvenilir kaynaklardan kontrol edilmelidir.<\/p>\n<h2 data-section-id=\"2vwv9c\" data-start=\"3963\" data-end=\"3998\">Gram Alt\u0131n Fiyat\u0131 Bug\u00fcn Ne Kadar?<\/h2>\n<p data-start=\"4000\" data-end=\"4107\">Yat\u0131r\u0131mc\u0131lar\u0131n internette en \u00e7ok yapt\u0131\u011f\u0131 aramalardan biri <strong data-start=\"4058\" data-end=\"4096\">&#8220;gram alt\u0131n fiyat\u0131 bug\u00fcn ne kadar&#8221;<\/strong> sorusudur.<\/p>\n<p data-start=\"4109\" data-end=\"4287\">Ancak alt\u0131n fiyatlar\u0131 g\u00fcn i\u00e7erisinde s\u00fcrekli de\u011fi\u015fti\u011fi i\u00e7in tek bir rakam vermek yerine, yat\u0131r\u0131mc\u0131lar\u0131n <strong data-start=\"4213\" data-end=\"4240\">canl\u0131 gram alt\u0131n fiyat\u0131<\/strong> ekranlar\u0131n\u0131 takip etmesi daha do\u011fru olacakt\u0131r.<\/p>\n<p data-start=\"4289\" data-end=\"4321\">Alt\u0131n al\u0131m sat\u0131m\u0131 yapmadan \u00f6nce;<\/p>\n<ul data-start=\"4323\" data-end=\"4369\">\n<li data-section-id=\"6463sl\" data-start=\"4323\" data-end=\"4337\">al\u0131\u015f fiyat\u0131,<\/li>\n<li data-section-id=\"1879joe\" data-start=\"4338\" data-end=\"4353\">sat\u0131\u015f fiyat\u0131,<\/li>\n<li data-section-id=\"1aqnb8c\" data-start=\"4354\" data-end=\"4369\">makas aral\u0131\u011f\u0131<\/li>\n<\/ul>\n<p data-start=\"4371\" data-end=\"4401\">birlikte de\u011ferlendirilmelidir.<\/p>\n<h2 data-section-id=\"vtkz62\" data-start=\"4408\" data-end=\"4445\">Ons Alt\u0131n Canl\u0131 Takip Neden \u00d6nemli?<\/h2>\n<p data-start=\"4447\" data-end=\"4562\">Profesyonel yat\u0131r\u0131mc\u0131lar yaln\u0131zca gram alt\u0131n\u0131 de\u011fil, <strong data-start=\"4500\" data-end=\"4525\">ons alt\u0131n canl\u0131 takip<\/strong> ekranlar\u0131n\u0131 da d\u00fczenli olarak izler.<\/p>\n<p data-start=\"4564\" data-end=\"4624\">\u00c7\u00fcnk\u00fc gram alt\u0131n fiyat\u0131 b\u00fcy\u00fck \u00f6l\u00e7\u00fcde iki de\u011fi\u015fkene ba\u011fl\u0131d\u0131r:<\/p>\n<ul data-start=\"4626\" data-end=\"4653\">\n<li data-section-id=\"112odlo\" data-start=\"4626\" data-end=\"4637\">Ons alt\u0131n<\/li>\n<li data-section-id=\"1vln9ki\" data-start=\"4638\" data-end=\"4653\">Dolar\/TL kuru<\/li>\n<\/ul>\n<p data-start=\"4655\" data-end=\"4738\">Bu iki veride ya\u015fanacak de\u011fi\u015fiklikler gram alt\u0131n \u00fczerinde do\u011frudan etkili olabilir.<\/p>\n<h2 data-section-id=\"rbm1ty\" data-start=\"4745\" data-end=\"4767\">Dolar Alt\u0131n \u0130li\u015fkisi<\/h2>\n<p data-start=\"4769\" data-end=\"4850\">Alt\u0131n piyasalar\u0131nda en \u00f6nemli g\u00f6stergelerden biri de <strong data-start=\"4822\" data-end=\"4846\">dolar alt\u0131n ili\u015fkisi<\/strong>dir.<\/p>\n<p data-start=\"4852\" data-end=\"4865\">Genel olarak;<\/p>\n<ul data-start=\"4867\" data-end=\"4964\">\n<li data-section-id=\"1yevcr4\" data-start=\"4867\" data-end=\"4916\">Dolar g\u00fc\u00e7lenirse alt\u0131n bask\u0131 alt\u0131nda kalabilir.<\/li>\n<li data-section-id=\"1mx3w7r\" data-start=\"4917\" data-end=\"4964\">Dolar zay\u0131flarsa alt\u0131na olan talep artabilir.<\/li>\n<\/ul>\n<p data-start=\"4966\" data-end=\"5093\">Ancak jeopolitik geli\u015fmeler, k\u00fcresel krizler ve merkez bankalar\u0131n\u0131n politikalar\u0131 zaman zaman bu klasik ili\u015fkiyi de\u011fi\u015ftirebilir.<\/p>\n<h2 data-section-id=\"19gvtx1\" data-start=\"5100\" data-end=\"5144\">G\u00fcvenli Liman Alt\u0131n \u00d6zelli\u011fini Koruyor mu?<\/h2>\n<p data-start=\"5146\" data-end=\"5233\">Alt\u0131n, uzun y\u0131llard\u0131r yat\u0131r\u0131mc\u0131lar taraf\u0131ndan <strong data-start=\"5192\" data-end=\"5215\">g\u00fcvenli liman alt\u0131n<\/strong> olarak g\u00f6r\u00fcl\u00fcyor.<\/p>\n<p data-start=\"5235\" data-end=\"5259\">Ekonomik belirsizlikler,<\/p>\n<ul data-start=\"5261\" data-end=\"5344\">\n<li data-section-id=\"1pzrso1\" data-start=\"5261\" data-end=\"5272\">sava\u015flar,<\/li>\n<li data-section-id=\"1bi2k11\" data-start=\"5273\" data-end=\"5292\">finansal krizler,<\/li>\n<li data-section-id=\"1ydr2po\" data-start=\"5293\" data-end=\"5312\">y\u00fcksek enflasyon,<\/li>\n<li data-section-id=\"1xeqzwc\" data-start=\"5313\" data-end=\"5344\">k\u00fcresel resesyon beklentileri<\/li>\n<\/ul>\n<p data-start=\"5346\" data-end=\"5412\">gibi d\u00f6nemlerde yat\u0131r\u0131mc\u0131lar\u0131n alt\u0131na y\u00f6nelme e\u011filimi artabiliyor.<\/p>\n<p data-start=\"5414\" data-end=\"5496\">Bu nedenle alt\u0131n, portf\u00f6y \u00e7e\u015fitlendirmesi a\u00e7\u0131s\u0131ndan \u00f6nemini korumaya devam ediyor.<\/p>\n<h2 data-section-id=\"192bw8p\" data-start=\"5503\" data-end=\"5541\">Alt\u0131n Yat\u0131r\u0131m\u0131 2026 \u0130\u00e7in Beklentiler<\/h2>\n<p data-start=\"5543\" data-end=\"5627\">Bir\u00e7ok yat\u0131r\u0131mc\u0131 \u015fimdiden <strong data-start=\"5569\" data-end=\"5592\">alt\u0131n yat\u0131r\u0131m\u0131 2026<\/strong> stratejilerini planlamaya ba\u015flad\u0131.<\/p>\n<p data-start=\"5629\" data-end=\"5688\">2026 y\u0131l\u0131nda alt\u0131n\u0131n y\u00f6n\u00fcn\u00fc belirleyecek ba\u015fl\u0131ca fakt\u00f6rler:<\/p>\n<ul data-start=\"5690\" data-end=\"5816\">\n<li data-section-id=\"6e3ob8\" data-start=\"5690\" data-end=\"5714\">Fed&#8217;in faiz politikas\u0131<\/li>\n<li data-section-id=\"186kad5\" data-start=\"5715\" data-end=\"5734\">K\u00fcresel enflasyon<\/li>\n<li data-section-id=\"ksd9ht\" data-start=\"5735\" data-end=\"5776\">Merkez bankalar\u0131n\u0131n rezerv politikalar\u0131<\/li>\n<li data-section-id=\"l6hwlr\" data-start=\"5777\" data-end=\"5800\">Jeopolitik geli\u015fmeler<\/li>\n<li data-section-id=\"1dualrr\" data-start=\"5801\" data-end=\"5816\">Dolar\u0131n seyri<\/li>\n<\/ul>\n<p data-start=\"5818\" data-end=\"5925\">Bu ba\u015fl\u0131klar\u0131n tamam\u0131 birlikte de\u011ferlendirildi\u011finde alt\u0131n piyasas\u0131nda oynakl\u0131\u011f\u0131n devam etmesi beklenebilir.<\/p>\n<h2 data-section-id=\"xqe7zl\" data-start=\"5932\" data-end=\"5962\">Uzun Vadede Alt\u0131n Al\u0131n\u0131r m\u0131?<\/h2>\n<p data-start=\"5964\" data-end=\"6052\">Yat\u0131r\u0131mc\u0131lar\u0131n en \u00e7ok merak etti\u011fi sorulardan biri de <strong data-start=\"6018\" data-end=\"6052\">&#8220;Uzun vadede alt\u0131n al\u0131n\u0131r m\u0131?&#8221;<\/strong><\/p>\n<p data-start=\"6054\" data-end=\"6326\">Alt\u0131n tarihsel olarak de\u011ferini koruma amac\u0131yla tercih edilen yat\u0131r\u0131m ara\u00e7lar\u0131ndan biridir. Ancak her yat\u0131r\u0131m gibi alt\u0131n da k\u0131sa vadede dalgalanabilir. Bu nedenle yat\u0131r\u0131m kararlar\u0131 ki\u015finin risk profiline, hedeflerine ve portf\u00f6y \u00e7e\u015fitlendirme stratejisine g\u00f6re verilmelidir.<\/p>\n<p data-start=\"6328\" data-end=\"6362\">Uzun vadeli yat\u0131r\u0131m yapanlar i\u00e7in;<\/p>\n<ul data-start=\"6364\" data-end=\"6452\">\n<li data-section-id=\"1qyv0l\" data-start=\"6364\" data-end=\"6390\">d\u00fczenli al\u0131m stratejisi,<\/li>\n<li data-section-id=\"qu25i6\" data-start=\"6391\" data-end=\"6417\">portf\u00f6y \u00e7e\u015fitlendirmesi,<\/li>\n<li data-section-id=\"qh5weo\" data-start=\"6418\" data-end=\"6452\">ekonomik geli\u015fmeleri takip etmek<\/li>\n<\/ul>\n<p data-start=\"6454\" data-end=\"6488\">\u00f6nemli unsurlar aras\u0131nda yer al\u0131r.<\/p>\n<p data-start=\"6504\" data-end=\"6996\">Fed&#8217;in para politikas\u0131, k\u00fcresel enflasyon g\u00f6r\u00fcn\u00fcm\u00fc ve ekonomik veriler, \u00f6n\u00fcm\u00fczdeki d\u00f6nemde <strong data-start=\"6595\" data-end=\"6616\">gram alt\u0131n fiyat\u0131<\/strong>, <strong data-start=\"6618\" data-end=\"6631\">ons alt\u0131n<\/strong> ve <strong data-start=\"6635\" data-end=\"6658\">\u00e7eyrek alt\u0131n fiyat\u0131<\/strong> \u00fczerinde belirleyici olmaya devam edecek. Bu nedenle yat\u0131r\u0131mc\u0131lar\u0131n sadece <strong data-start=\"6734\" data-end=\"6764\">alt\u0131n fiyatlar\u0131 son dakika<\/strong> haberlerine odaklanmak yerine, <strong data-start=\"6796\" data-end=\"6821\">Fed faiz karar\u0131 alt\u0131n<\/strong> ili\u015fkisini, <strong data-start=\"6834\" data-end=\"6860\">faiz ve alt\u0131n ili\u015fkisi<\/strong>ni, <strong data-start=\"6864\" data-end=\"6888\">dolar alt\u0131n ili\u015fkisi<\/strong>ni ve <strong data-start=\"6894\" data-end=\"6929\">merkez bankas\u0131 alt\u0131n rezervleri<\/strong>ndeki de\u011fi\u015fimleri birlikte de\u011ferlendirmesi daha sa\u011fl\u0131kl\u0131 olacakt\u0131r.<\/p>\n<p data-start=\"6998\" data-end=\"7378\" data-is-last-node=\"\" data-is-only-node=\"\">Alt\u0131n, belirsizlik d\u00f6nemlerinde \u00f6nemini koruyan bir yat\u0131r\u0131m arac\u0131 olmaya devam etse de, yat\u0131r\u0131m kararlar\u0131 anl\u0131k fiyat hareketlerinden ziyade uzun vadeli strateji ve risk y\u00f6netimi \u00e7er\u00e7evesinde verilmelidir. Bu nedenle hem <strong data-start=\"7219\" data-end=\"7246\">canl\u0131 gram alt\u0131n fiyat\u0131<\/strong> hem de <strong data-start=\"7254\" data-end=\"7279\">ons alt\u0131n canl\u0131 takip<\/strong> verilerini d\u00fczenli izlemek, bilin\u00e7li yat\u0131r\u0131m kararlar\u0131 a\u00e7\u0131s\u0131ndan \u00f6nemli bir avantaj sa\u011flayacakt\u0131r.<\/p>\n<\/div>\n<\/div>\n<\/div>\n<\/div>\n<div class=\"z-0 flex min-h-[46px] justify-start\"><\/div>\n<div class=\"mt-3 w-full empty:hidden\">\n<div class=\"text-center\"><\/div>\n<\/div>\n<\/div>\n<div class=\"[--thread-content-max-width:40rem] @w-lg\/main:[--thread-content-max-width:48rem] mx-auto max-w-(--thread-content-max-width) flex-1\" data-conversation-screenshot-content=\"\">\n<div><\/div>\n<\/div>\n<\/div>\n<\/section>\n<\/div>\n<\/div>\n<div class=\"pointer-events-none -mt-px h-px translate-y-(--scroll-root-safe-area-inset-bottom)\" aria-hidden=\"true\"><\/div>\n","protected":false},"excerpt":{"rendered":"<p>K\u00fcresel piyasalarda g\u00f6zler yeniden ABD Merkez Bankas\u0131&#8217;n\u0131n (Fed) faiz kararlar\u0131na \u00e7evrilmi\u015f durumda. \u00d6zellikle son d\u00f6nemde yat\u0131r\u0131mc\u0131lar\u0131n en \u00e7ok merak etti\u011fi konular\u0131n ba\u015f\u0131nda Fed faiz karar\u0131 alt\u0131n fiyatlar\u0131n\u0131 nas\u0131l etkileyece\u011fi geliyor. ABD&#8217;de a\u00e7\u0131klanan enflasyon verileri, istihdam rakamlar\u0131 ve Fed \u00fcyelerinin yapt\u0131\u011f\u0131 a\u00e7\u0131klamalar; gram alt\u0131n fiyat\u0131, ons alt\u0131n ve \u00e7eyrek alt\u0131n fiyat\u0131 \u00fczerinde do\u011frudan etkili olabiliyor. Alt\u0131n tarih boyunca &#8220;g\u00fcvenli liman&#8221; olarak g\u00f6r\u00fclse de faiz politikalar\u0131 ve dolar\u0131n k\u00fcresel de\u011feri, k\u0131sa vadeli fiyat hareketlerinde belirleyici olmaya devam ediyor. Peki yeni d\u00f6nemde yat\u0131r\u0131mc\u0131lar\u0131 nas\u0131l bir senaryo bekliyor? Gram Alt\u0131n Bu Hafta Y\u00fckselir mi? Son haftalarda piyasalar\u0131n en \u00e7ok sordu\u011fu sorulardan biri &#8220;Gram alt\u0131n bu hafta y\u00fckselir mi?&#8221; oldu. Gram alt\u0131n\u0131n y\u00f6n\u00fcn\u00fc belirleyen iki temel unsur bulunuyor: Ons alt\u0131n fiyat\u0131ndaki de\u011fi\u015fim Dolar\/TL kuru E\u011fer Fed&#8217;in faiz indirimine yakla\u015faca\u011f\u0131 beklentisi g\u00fc\u00e7lenirse dolar k\u00fcresel \u00f6l\u00e7ekte zay\u0131flayabilir. Bu durumda ons alt\u0131n de\u011fer kazanabilir. Ayn\u0131 anda dolar\/TL kurunda sert bir gerileme ya\u015fanmazsa gram alt\u0131n fiyatlar\u0131nda yukar\u0131 y\u00f6nl\u00fc hareketler g\u00f6r\u00fclebilir. Ancak yat\u0131r\u0131mc\u0131lar\u0131n yaln\u0131zca g\u00fcnl\u00fck fiyat hareketlerine odaklanmas\u0131 yerine ekonomik verileri ve merkez bankalar\u0131n\u0131n mesajlar\u0131n\u0131 birlikte de\u011ferlendirmesi daha sa\u011fl\u0131kl\u0131 olacakt\u0131r. Alt\u0131n Fiyatlar\u0131 Neden D\u00fc\u015ft\u00fc? Bir\u00e7ok yat\u0131r\u0131mc\u0131 son d\u00f6nemde &#8220;Alt\u0131n fiyatlar\u0131 neden d\u00fc\u015ft\u00fc?&#8221; sorusunun cevab\u0131n\u0131 ara\u015ft\u0131r\u0131yor. Alt\u0131n fiyatlar\u0131nda g\u00f6r\u00fclen geri \u00e7ekilmelerin ba\u015fl\u0131ca nedenleri \u015funlard\u0131r: ABD tahvil faizlerinin y\u00fckselmesi Dolar endeksinin g\u00fc\u00e7lenmesi Fed&#8217;in faiz indirimlerini erteleyece\u011fine y\u00f6nelik beklentiler Kar sat\u0131\u015flar\u0131 Jeopolitik risklerin azalmas\u0131 Alt\u0131n faiz getirisi olmayan bir yat\u0131r\u0131m arac\u0131 oldu\u011fu i\u00e7in \u00f6zellikle y\u00fcksek faiz d\u00f6nemlerinde yat\u0131r\u0131mc\u0131lar\u0131n bir k\u0131sm\u0131 tahvil ve mevduata y\u00f6nelmeyi tercih edebilir. Bu nedenle faiz ve alt\u0131n ili\u015fkisi, yat\u0131r\u0131mc\u0131lar\u0131n yak\u0131ndan takip etti\u011fi en \u00f6nemli g\u00f6stergelerden biridir. Fed Faiz Karar\u0131 Alt\u0131n\u0131 Nas\u0131l Etkiler? Fed faiz karar\u0131 alt\u0131n\u0131 nas\u0131l etkiler? sorusunun cevab\u0131 asl\u0131nda olduk\u00e7a nettir. Fed faiz art\u0131r\u0131rsa Dolar g\u00fc\u00e7lenebilir. Tahvil faizleri y\u00fckselebilir. Ons alt\u0131n \u00fczerinde bask\u0131 olu\u015fabilir. Fed faiz indirirse Dolar zay\u0131flayabilir. Alt\u0131na talep artabilir. Ons alt\u0131n yukar\u0131 y\u00f6nl\u00fc hareket edebilir. Bu nedenle yat\u0131r\u0131mc\u0131lar yaln\u0131zca faiz karar\u0131n\u0131 de\u011fil, Fed Ba\u015fkan\u0131&#8217;n\u0131n toplant\u0131 sonras\u0131 yapt\u0131\u011f\u0131 a\u00e7\u0131klamalar\u0131 da dikkatle takip ediyor. \u00c7\u00fcnk\u00fc gelece\u011fe y\u00f6nelik mesajlar, piyasalar\u0131n y\u00f6n\u00fcn\u00fc belirlemede en az karar\u0131n kendisi kadar etkili olabiliyor. Ons Alt\u0131n 3500 Dolar Olur mu? Son d\u00f6nemde yat\u0131r\u0131m \u00e7evrelerinde s\u0131k\u00e7a dile getirilen sorulardan biri de &#8220;Ons alt\u0131n 3500 dolar olur mu?&#8221; oldu. Kesin bir fiyat tahmini yapmak m\u00fcmk\u00fcn olmasa da a\u015fa\u011f\u0131daki geli\u015fmeler b\u00f6yle bir senaryoyu destekleyebilir: K\u00fcresel faizlerin d\u00fc\u015fmesi Jeopolitik risklerin artmas\u0131 Merkez bankalar\u0131n\u0131n alt\u0131n al\u0131mlar\u0131n\u0131 s\u00fcrd\u00fcrmesi Dolar\u0131n de\u011fer kaybetmesi K\u00fcresel ekonomik belirsizliklerin artmas\u0131 \u00d6zellikle son y\u0131llarda bir\u00e7ok \u00fclkenin merkez bankas\u0131 alt\u0131n rezervlerini art\u0131rmas\u0131, alt\u0131na olan kurumsal talebin devam etti\u011fini g\u00f6steriyor. Bu durum uzun vadede fiyatlar\u0131 destekleyen \u00f6nemli unsurlardan biri olarak de\u011ferlendiriliyor. \u00c7eyrek Alt\u0131n Almak Mant\u0131kl\u0131 m\u0131? Vatanda\u015flar\u0131n en \u00e7ok tercih etti\u011fi yat\u0131r\u0131m ara\u00e7lar\u0131ndan biri olan \u00e7eyrek alt\u0131n i\u00e7in de s\u0131k\u00e7a &#8220;\u00c7eyrek alt\u0131n almak mant\u0131kl\u0131 m\u0131?&#8221; sorusu soruluyor. \u00c7eyrek alt\u0131n; d\u00fc\u011f\u00fcn ve hediye ama\u00e7l\u0131 kullan\u0131m, kolay al\u0131m sat\u0131m, y\u00fcksek bilinirlik gibi avantajlara sahiptir. Ancak yat\u0131r\u0131m amac\u0131yla al\u0131m yap\u0131lacaksa i\u015f\u00e7ilik fark\u0131 da dikkate al\u0131nmal\u0131d\u0131r. B\u00fcy\u00fck tutarl\u0131 yat\u0131r\u0131mlarda gram alt\u0131n veya farkl\u0131 yat\u0131r\u0131m ara\u00e7lar\u0131n\u0131n maliyet avantaj\u0131 bulunabilir. G\u00fcncel \u00e7eyrek alt\u0131n fiyat\u0131, yat\u0131r\u0131m karar\u0131ndan \u00f6nce mutlaka g\u00fcvenilir kaynaklardan kontrol edilmelidir. Gram Alt\u0131n Fiyat\u0131 Bug\u00fcn Ne Kadar? Yat\u0131r\u0131mc\u0131lar\u0131n internette en \u00e7ok yapt\u0131\u011f\u0131 aramalardan biri &#8220;gram alt\u0131n fiyat\u0131 bug\u00fcn ne kadar&#8221; sorusudur. Ancak alt\u0131n fiyatlar\u0131 g\u00fcn i\u00e7erisinde s\u00fcrekli de\u011fi\u015fti\u011fi i\u00e7in tek bir rakam vermek yerine, yat\u0131r\u0131mc\u0131lar\u0131n canl\u0131 gram alt\u0131n fiyat\u0131 ekranlar\u0131n\u0131 takip etmesi daha do\u011fru olacakt\u0131r. Alt\u0131n al\u0131m sat\u0131m\u0131 yapmadan \u00f6nce; al\u0131\u015f fiyat\u0131, sat\u0131\u015f fiyat\u0131, makas aral\u0131\u011f\u0131 birlikte de\u011ferlendirilmelidir. Ons Alt\u0131n Canl\u0131 Takip Neden \u00d6nemli? Profesyonel yat\u0131r\u0131mc\u0131lar yaln\u0131zca gram alt\u0131n\u0131 de\u011fil, ons alt\u0131n canl\u0131 takip ekranlar\u0131n\u0131 da d\u00fczenli olarak izler. \u00c7\u00fcnk\u00fc gram alt\u0131n fiyat\u0131 b\u00fcy\u00fck \u00f6l\u00e7\u00fcde iki de\u011fi\u015fkene ba\u011fl\u0131d\u0131r: Ons alt\u0131n Dolar\/TL kuru Bu iki veride ya\u015fanacak de\u011fi\u015fiklikler gram alt\u0131n \u00fczerinde do\u011frudan etkili olabilir. Dolar Alt\u0131n \u0130li\u015fkisi Alt\u0131n piyasalar\u0131nda en \u00f6nemli g\u00f6stergelerden biri de dolar alt\u0131n ili\u015fkisidir. Genel olarak; Dolar g\u00fc\u00e7lenirse alt\u0131n bask\u0131 alt\u0131nda kalabilir. Dolar zay\u0131flarsa alt\u0131na olan talep artabilir. Ancak jeopolitik geli\u015fmeler, k\u00fcresel krizler ve merkez bankalar\u0131n\u0131n politikalar\u0131 zaman zaman bu klasik ili\u015fkiyi de\u011fi\u015ftirebilir. G\u00fcvenli Liman Alt\u0131n \u00d6zelli\u011fini Koruyor mu? Alt\u0131n, uzun y\u0131llard\u0131r yat\u0131r\u0131mc\u0131lar taraf\u0131ndan g\u00fcvenli liman alt\u0131n olarak g\u00f6r\u00fcl\u00fcyor. Ekonomik belirsizlikler, sava\u015flar, finansal krizler, y\u00fcksek enflasyon, k\u00fcresel resesyon beklentileri gibi d\u00f6nemlerde yat\u0131r\u0131mc\u0131lar\u0131n alt\u0131na y\u00f6nelme e\u011filimi artabiliyor. Bu nedenle alt\u0131n, portf\u00f6y \u00e7e\u015fitlendirmesi a\u00e7\u0131s\u0131ndan \u00f6nemini korumaya devam ediyor. Alt\u0131n Yat\u0131r\u0131m\u0131 2026 \u0130\u00e7in Beklentiler Bir\u00e7ok yat\u0131r\u0131mc\u0131 \u015fimdiden alt\u0131n yat\u0131r\u0131m\u0131 2026 stratejilerini planlamaya ba\u015flad\u0131. 2026 y\u0131l\u0131nda alt\u0131n\u0131n y\u00f6n\u00fcn\u00fc belirleyecek ba\u015fl\u0131ca fakt\u00f6rler: Fed&#8217;in faiz politikas\u0131 K\u00fcresel enflasyon Merkez bankalar\u0131n\u0131n rezerv politikalar\u0131 Jeopolitik geli\u015fmeler Dolar\u0131n seyri Bu ba\u015fl\u0131klar\u0131n tamam\u0131 birlikte de\u011ferlendirildi\u011finde alt\u0131n piyasas\u0131nda oynakl\u0131\u011f\u0131n devam etmesi beklenebilir. Uzun Vadede Alt\u0131n Al\u0131n\u0131r m\u0131? Yat\u0131r\u0131mc\u0131lar\u0131n en \u00e7ok merak etti\u011fi sorulardan biri de &#8220;Uzun vadede alt\u0131n al\u0131n\u0131r m\u0131?&#8221; Alt\u0131n tarihsel olarak de\u011ferini koruma amac\u0131yla tercih edilen yat\u0131r\u0131m ara\u00e7lar\u0131ndan biridir. Ancak her yat\u0131r\u0131m gibi alt\u0131n da k\u0131sa vadede dalgalanabilir. Bu nedenle yat\u0131r\u0131m kararlar\u0131 ki\u015finin risk profiline, hedeflerine ve portf\u00f6y \u00e7e\u015fitlendirme stratejisine g\u00f6re verilmelidir. Uzun vadeli yat\u0131r\u0131m yapanlar i\u00e7in; d\u00fczenli al\u0131m stratejisi, portf\u00f6y \u00e7e\u015fitlendirmesi, ekonomik geli\u015fmeleri takip etmek \u00f6nemli unsurlar aras\u0131nda yer al\u0131r. Fed&#8217;in para politikas\u0131, k\u00fcresel enflasyon g\u00f6r\u00fcn\u00fcm\u00fc ve ekonomik veriler, \u00f6n\u00fcm\u00fczdeki d\u00f6nemde gram alt\u0131n fiyat\u0131, ons alt\u0131n ve \u00e7eyrek alt\u0131n fiyat\u0131 \u00fczerinde belirleyici olmaya devam edecek. Bu nedenle yat\u0131r\u0131mc\u0131lar\u0131n sadece alt\u0131n fiyatlar\u0131 son dakika haberlerine odaklanmak yerine, Fed faiz karar\u0131 alt\u0131n ili\u015fkisini, faiz ve alt\u0131n ili\u015fkisini, dolar alt\u0131n ili\u015fkisini ve merkez bankas\u0131 alt\u0131n rezervlerindeki de\u011fi\u015fimleri birlikte de\u011ferlendirmesi daha sa\u011fl\u0131kl\u0131 olacakt\u0131r. Alt\u0131n, belirsizlik d\u00f6nemlerinde \u00f6nemini koruyan bir yat\u0131r\u0131m arac\u0131 olmaya devam etse de, yat\u0131r\u0131m kararlar\u0131 anl\u0131k fiyat hareketlerinden ziyade uzun vadeli strateji ve risk y\u00f6netimi \u00e7er\u00e7evesinde verilmelidir. Bu nedenle hem canl\u0131 gram alt\u0131n fiyat\u0131 hem de ons alt\u0131n canl\u0131 takip verilerini d\u00fczenli izlemek, bilin\u00e7li yat\u0131r\u0131m kararlar\u0131 a\u00e7\u0131s\u0131ndan \u00f6nemli bir avantaj sa\u011flayacakt\u0131r.<\/p>\n","protected":false},"author":1,"featured_media":58,"comment_status":"closed","ping_status":"open","sticky":false,"template":"","format":"standard","meta":{"footnotes":""},"categories":[1],"tags":[21,22,25,14,6],"class_list":["post-57","post","type-post","status-publish","format-standard","has-post-thumbnail","hentry","category-genel","tag-altin-alinir-mi","tag-ceyrek-altin-fiyati","tag-fed-faiz-karari-altin","tag-gram-altin-fiyati","tag-ons-altin"],"_links":{"self":[{"href":"https:\/\/altinzamani.com\/blog\/wp-json\/wp\/v2\/posts\/57","targetHints":{"allow":["GET"]}}],"collection":[{"href":"https:\/\/altinzamani.com\/blog\/wp-json\/wp\/v2\/posts"}],"about":[{"href":"https:\/\/altinzamani.com\/blog\/wp-json\/wp\/v2\/types\/post"}],"author":[{"embeddable":true,"href":"https:\/\/altinzamani.com\/blog\/wp-json\/wp\/v2\/users\/1"}],"replies":[{"embeddable":true,"href":"https:\/\/altinzamani.com\/blog\/wp-json\/wp\/v2\/comments?post=57"}],"version-history":[{"count":1,"href":"https:\/\/altinzamani.com\/blog\/wp-json\/wp\/v2\/posts\/57\/revisions"}],"predecessor-version":[{"id":59,"href":"https:\/\/altinzamani.com\/blog\/wp-json\/wp\/v2\/posts\/57\/revisions\/59"}],"wp:featuredmedia":[{"embeddable":true,"href":"https:\/\/altinzamani.com\/blog\/wp-json\/wp\/v2\/media\/58"}],"wp:attachment":[{"href":"https:\/\/altinzamani.com\/blog\/wp-json\/wp\/v2\/media?parent=57"}],"wp:term":[{"taxonomy":"category","embeddable":true,"href":"https:\/\/altinzamani.com\/blog\/wp-json\/wp\/v2\/categories?post=57"},{"taxonomy":"post_tag","embeddable":true,"href":"https:\/\/altinzamani.com\/blog\/wp-json\/wp\/v2\/tags?post=57"}],"curies":[{"name":"wp","href":"https:\/\/api.w.org\/{rel}","templated":true}]}}